{"id":1833,"date":"2026-09-05T15:52:29","date_gmt":"2026-09-05T15:52:29","guid":{"rendered":"https:\/\/terceraspartes.com\/?p=1833"},"modified":"2026-09-05T15:52:59","modified_gmt":"2026-09-05T15:52:59","slug":"si-no-salen-las-cuentas-todavia-hay-esperanza","status":"publish","type":"post","link":"https:\/\/terceraspartes.com\/index.php\/2026\/09\/05\/si-no-salen-las-cuentas-todavia-hay-esperanza\/","title":{"rendered":"Si no salen las cuentas, todav\u00eda hay esperanza"},"content":{"rendered":"\n<figure class=\"wp-block-image size-large\"><img loading=\"lazy\" decoding=\"async\" width=\"785\" height=\"1024\" src=\"https:\/\/terceraspartes.com\/wp-content\/themes\/veen\/assets\/images\/transparent.gif\" data-lazy=\"true\" data-src=\"https:\/\/terceraspartes.com\/wp-content\/uploads\/2026\/09\/Captura-de-pantalla-2026-09-05-a-las-17.50.21-785x1024.png\" alt=\"\" class=\"wp-image-1837\" data-srcset=\"https:\/\/terceraspartes.com\/wp-content\/uploads\/2026\/09\/Captura-de-pantalla-2026-09-05-a-las-17.50.21-785x1024.png 785w, https:\/\/terceraspartes.com\/wp-content\/uploads\/2026\/09\/Captura-de-pantalla-2026-09-05-a-las-17.50.21-230x300.png 230w, https:\/\/terceraspartes.com\/wp-content\/uploads\/2026\/09\/Captura-de-pantalla-2026-09-05-a-las-17.50.21-768x1002.png 768w, https:\/\/terceraspartes.com\/wp-content\/uploads\/2026\/09\/Captura-de-pantalla-2026-09-05-a-las-17.50.21-77x100.png 77w, https:\/\/terceraspartes.com\/wp-content\/uploads\/2026\/09\/Captura-de-pantalla-2026-09-05-a-las-17.50.21-345x450.png 345w, https:\/\/terceraspartes.com\/wp-content\/uploads\/2026\/09\/Captura-de-pantalla-2026-09-05-a-las-17.50.21-919x1200.png 919w, https:\/\/terceraspartes.com\/wp-content\/uploads\/2026\/09\/Captura-de-pantalla-2026-09-05-a-las-17.50.21.png 1068w\" data-sizes=\"auto, (max-width: 785px) 100vw, 785px\" \/><figcaption class=\"wp-element-caption\">Foto propia, 2026<\/figcaption><\/figure>\n\n\n\n<p class=\"wp-block-paragraph\">No termino de decidir qu\u00e9 afirmaci\u00f3n es menos cierta, si que las personas cambian o que no. Porque, si no cambian, \u00bfc\u00f3mo evolucionan las relaciones? Y, si cambian, \u00bfc\u00f3mo se conservan? Ah\u00ed es donde entra en juego lo inexplicable, tanto en el amor como en la amistad, porque es en estas \u00e1reas donde m\u00e1s se observan sinergias a priori imposibles y oportunidades il\u00f3gicamente concedidas. As\u00ed, una relaci\u00f3n puede sobrevivir contra el viento y la marea de lo externo, manteni\u00e9ndose tan s\u00f3lida a nivel interno que apenas tiene sentido. Como la flor que se queda en pie tras un hurac\u00e1n: no se sabe qu\u00e9 tienen esos hilillos que le sirven de ra\u00edz o de qu\u00e9 est\u00e1n hechos sus suaves p\u00e9talos para que sea capaz de permanecer aferrada a un suelo que, para sorpresa de todos, no la apresa sino que la mantiene intacta. \u00bfC\u00f3mo se explican, si no es admitiendo el factor de la il\u00f3gica, amistades que perduran contra todo pron\u00f3stico, donde no salen las cuentas si analizamos los rasgos que caracterizan a las personas que las forman? Y aun as\u00ed, un caf\u00e9 al a\u00f1o, m\u00ednimo cae. Y no solo cae, sino que es que se convierte en una cita ineludible pese a la excesiva elasticidad del \u00abcu\u00e1ndo\u00bb que ambas partes tardan en definir. Hay cosas que no tienen explicaci\u00f3n y se nos escapan, y hace unos a\u00f1os podr\u00edan pasar desapercibidas. Quiz\u00e1 las barr\u00edamos bajo la alfombra con un \u00abPues la vida, que tiene estas cosas\u00bb, frase que tantas explicaciones racionales nos evitaba. Pero ahora, en la era del algoritmo, de la prisa y del \u00abyo\u00bb, lo l\u00f3gicamente inexplicable genera doble raci\u00f3n de inter\u00e9s en nosotras, las mentes inquietas. <\/p>\n","protected":false},"excerpt":{"rendered":"<p>No termino de decidir qu\u00e9 afirmaci\u00f3n es menos cierta, si que las personas cambian o que no. Porque, si no cambian, \u00bfc\u00f3mo evolucionan las relaciones?&#8230;<\/p>\n","protected":false},"author":1,"featured_media":1837,"comment_status":"open","ping_status":"closed","sticky":false,"template":"","format":"standard","meta":{"footnotes":""},"categories":[1],"tags":[],"class_list":["post-1833","post","type-post","status-publish","format-standard","has-post-thumbnail","hentry","category-uncategorized"],"yoast_head":"<!-- This site is optimized with the Yoast SEO plugin v28.4 - https:\/\/yoast.com\/product\/yoast-seo-wordpress\/ -->\n<title>Si no salen las cuentas, todav\u00eda hay esperanza - Terceras Partes<\/title>\n<meta name=\"robots\" content=\"index, follow, max-snippet:-1, max-image-preview:large, max-video-preview:-1\" \/>\n<link rel=\"canonical\" href=\"https:\/\/terceraspartes.com\/index.php\/2026\/09\/05\/si-no-salen-las-cuentas-todavia-hay-esperanza\/\" \/>\n<meta property=\"og:locale\" content=\"es_ES\" \/>\n<meta property=\"og:type\" content=\"article\" \/>\n<meta property=\"og:title\" content=\"Si no salen las cuentas, todav\u00eda hay esperanza - Terceras Partes\" \/>\n<meta property=\"og:description\" content=\"No termino de decidir qu\u00e9 afirmaci\u00f3n es menos cierta, si que las personas cambian o que no. Porque, si no cambian, \u00bfc\u00f3mo evolucionan las relaciones?...\" \/>\n<meta property=\"og:url\" content=\"https:\/\/terceraspartes.com\/index.php\/2026\/09\/05\/si-no-salen-las-cuentas-todavia-hay-esperanza\/\" \/>\n<meta property=\"og:site_name\" content=\"Terceras Partes\" \/>\n<meta property=\"article:published_time\" content=\"2026-09-05T15:52:29+00:00\" \/>\n<meta property=\"article:modified_time\" content=\"2026-09-05T15:52:59+00:00\" \/>\n<meta property=\"og:image\" content=\"https:\/\/terceraspartes.com\/wp-content\/uploads\/2026\/09\/Captura-de-pantalla-2026-09-05-a-las-17.50.21-785x1024.png\" \/>\n\t<meta property=\"og:image:width\" content=\"785\" \/>\n\t<meta property=\"og:image:height\" content=\"1024\" \/>\n\t<meta property=\"og:image:type\" content=\"image\/png\" \/>\n<meta name=\"author\" content=\"Merche Garc\u00eda\" \/>\n<meta name=\"twitter:card\" content=\"summary_large_image\" \/>\n<meta name=\"twitter:creator\" content=\"@https:\/\/twitter.com\/terceras_partes\" \/>\n<meta name=\"twitter:site\" content=\"@terceras_partes\" \/>\n<meta name=\"twitter:label1\" content=\"Escrito por\" \/>\n\t<meta name=\"twitter:data1\" content=\"Merche Garc\u00eda\" \/>\n\t<meta name=\"twitter:label2\" content=\"Tiempo de lectura\" \/>\n\t<meta name=\"twitter:data2\" content=\"2 minutos\" \/>\n<script type=\"application\/ld+json\" class=\"yoast-schema-graph\">{\"@context\":\"https:\\\/\\\/schema.org\",\"@graph\":[{\"@type\":\"Article\",\"@id\":\"https:\\\/\\\/terceraspartes.com\\\/index.php\\\/2026\\\/09\\\/05\\\/si-no-salen-las-cuentas-todavia-hay-esperanza\\\/#article\",\"isPartOf\":{\"@id\":\"https:\\\/\\\/terceraspartes.com\\\/index.php\\\/2026\\\/09\\\/05\\\/si-no-salen-las-cuentas-todavia-hay-esperanza\\\/\"},\"author\":{\"name\":\"Merche Garc\u00eda\",\"@id\":\"https:\\\/\\\/terceraspartes.com\\\/#\\\/schema\\\/person\\\/e9e29a930aceb96bd13d7ba7d213dac0\"},\"headline\":\"Si no salen las cuentas, todav\u00eda hay esperanza\",\"datePublished\":\"2026-09-05T15:52:29+00:00\",\"dateModified\":\"2026-09-05T15:52:59+00:00\",\"mainEntityOfPage\":{\"@id\":\"https:\\\/\\\/terceraspartes.com\\\/index.php\\\/2026\\\/09\\\/05\\\/si-no-salen-las-cuentas-todavia-hay-esperanza\\\/\"},\"wordCount\":314,\"commentCount\":0,\"publisher\":{\"@id\":\"https:\\\/\\\/terceraspartes.com\\\/#\\\/schema\\\/person\\\/e9e29a930aceb96bd13d7ba7d213dac0\"},\"image\":{\"@id\":\"https:\\\/\\\/terceraspartes.com\\\/index.php\\\/2026\\\/09\\\/05\\\/si-no-salen-las-cuentas-todavia-hay-esperanza\\\/#primaryimage\"},\"thumbnailUrl\":\"https:\\\/\\\/terceraspartes.com\\\/wp-content\\\/uploads\\\/2026\\\/09\\\/Captura-de-pantalla-2026-09-05-a-las-17.50.21.png\",\"articleSection\":[\"Uncategorized\"],\"inLanguage\":\"es\",\"potentialAction\":[{\"@type\":\"CommentAction\",\"name\":\"Comment\",\"target\":[\"https:\\\/\\\/terceraspartes.com\\\/index.php\\\/2026\\\/09\\\/05\\\/si-no-salen-las-cuentas-todavia-hay-esperanza\\\/#respond\"]}]},{\"@type\":\"WebPage\",\"@id\":\"https:\\\/\\\/terceraspartes.com\\\/index.php\\\/2026\\\/09\\\/05\\\/si-no-salen-las-cuentas-todavia-hay-esperanza\\\/\",\"url\":\"https:\\\/\\\/terceraspartes.com\\\/index.php\\\/2026\\\/09\\\/05\\\/si-no-salen-las-cuentas-todavia-hay-esperanza\\\/\",\"name\":\"Si no salen las cuentas, todav\u00eda hay esperanza - Terceras Partes\",\"isPartOf\":{\"@id\":\"https:\\\/\\\/terceraspartes.com\\\/#website\"},\"primaryImageOfPage\":{\"@id\":\"https:\\\/\\\/terceraspartes.com\\\/index.php\\\/2026\\\/09\\\/05\\\/si-no-salen-las-cuentas-todavia-hay-esperanza\\\/#primaryimage\"},\"image\":{\"@id\":\"https:\\\/\\\/terceraspartes.com\\\/index.php\\\/2026\\\/09\\\/05\\\/si-no-salen-las-cuentas-todavia-hay-esperanza\\\/#primaryimage\"},\"thumbnailUrl\":\"https:\\\/\\\/terceraspartes.com\\\/wp-content\\\/uploads\\\/2026\\\/09\\\/Captura-de-pantalla-2026-09-05-a-las-17.50.21.png\",\"datePublished\":\"2026-09-05T15:52:29+00:00\",\"dateModified\":\"2026-09-05T15:52:59+00:00\",\"breadcrumb\":{\"@id\":\"https:\\\/\\\/terceraspartes.com\\\/index.php\\\/2026\\\/09\\\/05\\\/si-no-salen-las-cuentas-todavia-hay-esperanza\\\/#breadcrumb\"},\"inLanguage\":\"es\",\"potentialAction\":[{\"@type\":\"ReadAction\",\"target\":[\"https:\\\/\\\/terceraspartes.com\\\/index.php\\\/2026\\\/09\\\/05\\\/si-no-salen-las-cuentas-todavia-hay-esperanza\\\/\"]}]},{\"@type\":\"ImageObject\",\"inLanguage\":\"es\",\"@id\":\"https:\\\/\\\/terceraspartes.com\\\/index.php\\\/2026\\\/09\\\/05\\\/si-no-salen-las-cuentas-todavia-hay-esperanza\\\/#primaryimage\",\"url\":\"https:\\\/\\\/terceraspartes.com\\\/wp-content\\\/uploads\\\/2026\\\/09\\\/Captura-de-pantalla-2026-09-05-a-las-17.50.21.png\",\"contentUrl\":\"https:\\\/\\\/terceraspartes.com\\\/wp-content\\\/uploads\\\/2026\\\/09\\\/Captura-de-pantalla-2026-09-05-a-las-17.50.21.png\",\"width\":1068,\"height\":1394,\"caption\":\"Foto propia, 2026\"},{\"@type\":\"BreadcrumbList\",\"@id\":\"https:\\\/\\\/terceraspartes.com\\\/index.php\\\/2026\\\/09\\\/05\\\/si-no-salen-las-cuentas-todavia-hay-esperanza\\\/#breadcrumb\",\"itemListElement\":[{\"@type\":\"ListItem\",\"position\":1,\"name\":\"Portada\",\"item\":\"https:\\\/\\\/terceraspartes.com\\\/\"},{\"@type\":\"ListItem\",\"position\":2,\"name\":\"Si no salen las cuentas, todav\u00eda hay esperanza\"}]},{\"@type\":\"WebSite\",\"@id\":\"https:\\\/\\\/terceraspartes.com\\\/#website\",\"url\":\"https:\\\/\\\/terceraspartes.com\\\/\",\"name\":\"Terceras Partes\",\"description\":\"Blog de escritura sin pretensiones\",\"publisher\":{\"@id\":\"https:\\\/\\\/terceraspartes.com\\\/#\\\/schema\\\/person\\\/e9e29a930aceb96bd13d7ba7d213dac0\"},\"potentialAction\":[{\"@type\":\"SearchAction\",\"target\":{\"@type\":\"EntryPoint\",\"urlTemplate\":\"https:\\\/\\\/terceraspartes.com\\\/?s={search_term_string}\"},\"query-input\":{\"@type\":\"PropertyValueSpecification\",\"valueRequired\":true,\"valueName\":\"search_term_string\"}}],\"inLanguage\":\"es\"},{\"@type\":[\"Person\",\"Organization\"],\"@id\":\"https:\\\/\\\/terceraspartes.com\\\/#\\\/schema\\\/person\\\/e9e29a930aceb96bd13d7ba7d213dac0\",\"name\":\"Merche Garc\u00eda\",\"image\":{\"@type\":\"ImageObject\",\"inLanguage\":\"es\",\"@id\":\"https:\\\/\\\/terceraspartes.com\\\/wp-content\\\/uploads\\\/2022\\\/12\\\/Captura-de-pantalla-2022-12-03-a-las-13.50.47.png\",\"url\":\"https:\\\/\\\/terceraspartes.com\\\/wp-content\\\/uploads\\\/2022\\\/12\\\/Captura-de-pantalla-2022-12-03-a-las-13.50.47.png\",\"contentUrl\":\"https:\\\/\\\/terceraspartes.com\\\/wp-content\\\/uploads\\\/2022\\\/12\\\/Captura-de-pantalla-2022-12-03-a-las-13.50.47.png\",\"width\":486,\"height\":442,\"caption\":\"Merche Garc\u00eda\"},\"logo\":{\"@id\":\"https:\\\/\\\/terceraspartes.com\\\/wp-content\\\/uploads\\\/2022\\\/12\\\/Captura-de-pantalla-2022-12-03-a-las-13.50.47.png\"},\"description\":\"Me llamo Merche, tengo 36 a\u00f1os y soy traductora. El lenguaje y la comunicaci\u00f3n son mi pan de cada d\u00eda y as\u00ed lo demuestran mis aficiones: leer, escribir, dibujar, hablar, escuchar\u2026 En concreto, has ido a parar al espacio donde escribo, para que puedas leer y, despu\u00e9s, podamos hablar \ud83d\ude42. Este blog se llama \u00abTerceras Partes\u00bb porque antes de \u00e9l hubo otros dos, \u00abPunto y Oporto\u00bb (para contar mi experiencias n\u00f3madas) y \u00abTraducir&amp;Co\u00bb. Puedes leer algunas de las entradas accediendo desde el men\u00fa superior.\",\"sameAs\":[\"https:\\\/\\\/instagram.com\\\/terceras_partes\",\"https:\\\/\\\/x.com\\\/https:\\\/\\\/twitter.com\\\/terceras_partes\"],\"url\":\"https:\\\/\\\/terceraspartes.com\\\/index.php\\\/author\\\/admin\\\/\"}]}<\/script>\n<!-- \/ Yoast SEO plugin. -->","yoast_head_json":{"title":"Si no salen las cuentas, todav\u00eda hay esperanza - Terceras Partes","robots":{"index":"index","follow":"follow","max-snippet":"max-snippet:-1","max-image-preview":"max-image-preview:large","max-video-preview":"max-video-preview:-1"},"canonical":"https:\/\/terceraspartes.com\/index.php\/2026\/09\/05\/si-no-salen-las-cuentas-todavia-hay-esperanza\/","og_locale":"es_ES","og_type":"article","og_title":"Si no salen las cuentas, todav\u00eda hay esperanza - Terceras Partes","og_description":"No termino de decidir qu\u00e9 afirmaci\u00f3n es menos cierta, si que las personas cambian o que no. Porque, si no cambian, \u00bfc\u00f3mo evolucionan las relaciones?...","og_url":"https:\/\/terceraspartes.com\/index.php\/2026\/09\/05\/si-no-salen-las-cuentas-todavia-hay-esperanza\/","og_site_name":"Terceras Partes","article_published_time":"2026-09-05T15:52:29+00:00","article_modified_time":"2026-09-05T15:52:59+00:00","og_image":[{"width":785,"height":1024,"url":"https:\/\/terceraspartes.com\/wp-content\/uploads\/2026\/09\/Captura-de-pantalla-2026-09-05-a-las-17.50.21-785x1024.png","type":"image\/png"}],"author":"Merche Garc\u00eda","twitter_card":"summary_large_image","twitter_creator":"@https:\/\/twitter.com\/terceras_partes","twitter_site":"@terceras_partes","twitter_misc":{"Escrito por":"Merche Garc\u00eda","Tiempo de lectura":"2 minutos"},"schema":{"@context":"https:\/\/schema.org","@graph":[{"@type":"Article","@id":"https:\/\/terceraspartes.com\/index.php\/2026\/09\/05\/si-no-salen-las-cuentas-todavia-hay-esperanza\/#article","isPartOf":{"@id":"https:\/\/terceraspartes.com\/index.php\/2026\/09\/05\/si-no-salen-las-cuentas-todavia-hay-esperanza\/"},"author":{"name":"Merche Garc\u00eda","@id":"https:\/\/terceraspartes.com\/#\/schema\/person\/e9e29a930aceb96bd13d7ba7d213dac0"},"headline":"Si no salen las cuentas, todav\u00eda hay esperanza","datePublished":"2026-09-05T15:52:29+00:00","dateModified":"2026-09-05T15:52:59+00:00","mainEntityOfPage":{"@id":"https:\/\/terceraspartes.com\/index.php\/2026\/09\/05\/si-no-salen-las-cuentas-todavia-hay-esperanza\/"},"wordCount":314,"commentCount":0,"publisher":{"@id":"https:\/\/terceraspartes.com\/#\/schema\/person\/e9e29a930aceb96bd13d7ba7d213dac0"},"image":{"@id":"https:\/\/terceraspartes.com\/index.php\/2026\/09\/05\/si-no-salen-las-cuentas-todavia-hay-esperanza\/#primaryimage"},"thumbnailUrl":"https:\/\/terceraspartes.com\/wp-content\/uploads\/2026\/09\/Captura-de-pantalla-2026-09-05-a-las-17.50.21.png","articleSection":["Uncategorized"],"inLanguage":"es","potentialAction":[{"@type":"CommentAction","name":"Comment","target":["https:\/\/terceraspartes.com\/index.php\/2026\/09\/05\/si-no-salen-las-cuentas-todavia-hay-esperanza\/#respond"]}]},{"@type":"WebPage","@id":"https:\/\/terceraspartes.com\/index.php\/2026\/09\/05\/si-no-salen-las-cuentas-todavia-hay-esperanza\/","url":"https:\/\/terceraspartes.com\/index.php\/2026\/09\/05\/si-no-salen-las-cuentas-todavia-hay-esperanza\/","name":"Si no salen las cuentas, todav\u00eda hay esperanza - Terceras Partes","isPartOf":{"@id":"https:\/\/terceraspartes.com\/#website"},"primaryImageOfPage":{"@id":"https:\/\/terceraspartes.com\/index.php\/2026\/09\/05\/si-no-salen-las-cuentas-todavia-hay-esperanza\/#primaryimage"},"image":{"@id":"https:\/\/terceraspartes.com\/index.php\/2026\/09\/05\/si-no-salen-las-cuentas-todavia-hay-esperanza\/#primaryimage"},"thumbnailUrl":"https:\/\/terceraspartes.com\/wp-content\/uploads\/2026\/09\/Captura-de-pantalla-2026-09-05-a-las-17.50.21.png","datePublished":"2026-09-05T15:52:29+00:00","dateModified":"2026-09-05T15:52:59+00:00","breadcrumb":{"@id":"https:\/\/terceraspartes.com\/index.php\/2026\/09\/05\/si-no-salen-las-cuentas-todavia-hay-esperanza\/#breadcrumb"},"inLanguage":"es","potentialAction":[{"@type":"ReadAction","target":["https:\/\/terceraspartes.com\/index.php\/2026\/09\/05\/si-no-salen-las-cuentas-todavia-hay-esperanza\/"]}]},{"@type":"ImageObject","inLanguage":"es","@id":"https:\/\/terceraspartes.com\/index.php\/2026\/09\/05\/si-no-salen-las-cuentas-todavia-hay-esperanza\/#primaryimage","url":"https:\/\/terceraspartes.com\/wp-content\/uploads\/2026\/09\/Captura-de-pantalla-2026-09-05-a-las-17.50.21.png","contentUrl":"https:\/\/terceraspartes.com\/wp-content\/uploads\/2026\/09\/Captura-de-pantalla-2026-09-05-a-las-17.50.21.png","width":1068,"height":1394,"caption":"Foto propia, 2026"},{"@type":"BreadcrumbList","@id":"https:\/\/terceraspartes.com\/index.php\/2026\/09\/05\/si-no-salen-las-cuentas-todavia-hay-esperanza\/#breadcrumb","itemListElement":[{"@type":"ListItem","position":1,"name":"Portada","item":"https:\/\/terceraspartes.com\/"},{"@type":"ListItem","position":2,"name":"Si no salen las cuentas, todav\u00eda hay esperanza"}]},{"@type":"WebSite","@id":"https:\/\/terceraspartes.com\/#website","url":"https:\/\/terceraspartes.com\/","name":"Terceras Partes","description":"Blog de escritura sin pretensiones","publisher":{"@id":"https:\/\/terceraspartes.com\/#\/schema\/person\/e9e29a930aceb96bd13d7ba7d213dac0"},"potentialAction":[{"@type":"SearchAction","target":{"@type":"EntryPoint","urlTemplate":"https:\/\/terceraspartes.com\/?s={search_term_string}"},"query-input":{"@type":"PropertyValueSpecification","valueRequired":true,"valueName":"search_term_string"}}],"inLanguage":"es"},{"@type":["Person","Organization"],"@id":"https:\/\/terceraspartes.com\/#\/schema\/person\/e9e29a930aceb96bd13d7ba7d213dac0","name":"Merche Garc\u00eda","image":{"@type":"ImageObject","inLanguage":"es","@id":"https:\/\/terceraspartes.com\/wp-content\/uploads\/2022\/12\/Captura-de-pantalla-2022-12-03-a-las-13.50.47.png","url":"https:\/\/terceraspartes.com\/wp-content\/uploads\/2022\/12\/Captura-de-pantalla-2022-12-03-a-las-13.50.47.png","contentUrl":"https:\/\/terceraspartes.com\/wp-content\/uploads\/2022\/12\/Captura-de-pantalla-2022-12-03-a-las-13.50.47.png","width":486,"height":442,"caption":"Merche Garc\u00eda"},"logo":{"@id":"https:\/\/terceraspartes.com\/wp-content\/uploads\/2022\/12\/Captura-de-pantalla-2022-12-03-a-las-13.50.47.png"},"description":"Me llamo Merche, tengo 36 a\u00f1os y soy traductora. El lenguaje y la comunicaci\u00f3n son mi pan de cada d\u00eda y as\u00ed lo demuestran mis aficiones: leer, escribir, dibujar, hablar, escuchar\u2026 En concreto, has ido a parar al espacio donde escribo, para que puedas leer y, despu\u00e9s, podamos hablar \ud83d\ude42. Este blog se llama \u00abTerceras Partes\u00bb porque antes de \u00e9l hubo otros dos, \u00abPunto y Oporto\u00bb (para contar mi experiencias n\u00f3madas) y \u00abTraducir&amp;Co\u00bb. Puedes leer algunas de las entradas accediendo desde el men\u00fa superior.","sameAs":["https:\/\/instagram.com\/terceras_partes","https:\/\/x.com\/https:\/\/twitter.com\/terceras_partes"],"url":"https:\/\/terceraspartes.com\/index.php\/author\/admin\/"}]}},"jetpack_featured_media_url":"https:\/\/terceraspartes.com\/wp-content\/uploads\/2026\/09\/Captura-de-pantalla-2026-09-05-a-las-17.50.21.png","_links":{"self":[{"href":"https:\/\/terceraspartes.com\/index.php\/wp-json\/wp\/v2\/posts\/1833","targetHints":{"allow":["GET"]}}],"collection":[{"href":"https:\/\/terceraspartes.com\/index.php\/wp-json\/wp\/v2\/posts"}],"about":[{"href":"https:\/\/terceraspartes.com\/index.php\/wp-json\/wp\/v2\/types\/post"}],"author":[{"embeddable":true,"href":"https:\/\/terceraspartes.com\/index.php\/wp-json\/wp\/v2\/users\/1"}],"replies":[{"embeddable":true,"href":"https:\/\/terceraspartes.com\/index.php\/wp-json\/wp\/v2\/comments?post=1833"}],"version-history":[{"count":3,"href":"https:\/\/terceraspartes.com\/index.php\/wp-json\/wp\/v2\/posts\/1833\/revisions"}],"predecessor-version":[{"id":1838,"href":"https:\/\/terceraspartes.com\/index.php\/wp-json\/wp\/v2\/posts\/1833\/revisions\/1838"}],"wp:featuredmedia":[{"embeddable":true,"href":"https:\/\/terceraspartes.com\/index.php\/wp-json\/wp\/v2\/media\/1837"}],"wp:attachment":[{"href":"https:\/\/terceraspartes.com\/index.php\/wp-json\/wp\/v2\/media?parent=1833"}],"wp:term":[{"taxonomy":"category","embeddable":true,"href":"https:\/\/terceraspartes.com\/index.php\/wp-json\/wp\/v2\/categories?post=1833"},{"taxonomy":"post_tag","embeddable":true,"href":"https:\/\/terceraspartes.com\/index.php\/wp-json\/wp\/v2\/tags?post=1833"}],"curies":[{"name":"wp","href":"https:\/\/api.w.org\/{rel}","templated":true}]}}